{"id":8540,"date":"2019-09-23T07:03:56","date_gmt":"2019-09-23T07:03:56","guid":{"rendered":"https:\/\/onrenewables.es\/?p=8540"},"modified":"2019-09-23T07:03:56","modified_gmt":"2019-09-23T07:03:56","slug":"convocatoria-curso","status":"publish","type":"post","link":"https:\/\/onrenewables.es\/ja\/convocatoria-curso\/","title":{"rendered":"Convocatoria Curso"},"content":{"rendered":"<h3><strong>\u201cDISE\u00d1O, SUMINISTRO E INSTALACI\u00d3N DE SISTEMAS DE AUTOCONSUMO CON ENERG\u00cdA SOLAR FOTOVOLTAICA&#8221;\u00a0<\/strong><\/h3><p><span class=\"_5mfr\"><span class=\"_6qdm\">?<\/span><\/span><strong>Lugar:<\/strong> APIEMA: C\/Babel n\u00ba 3 -1\u00ba, 29006, M\u00e1laga.<br \/><span class=\"_5mfr\"><span class=\"_6qdm\">?<\/span><\/span><strong>Fechas:<\/strong> 14 de noviembre de 2019 de 16:30h a 19:30h<br \/><span class=\"_5mfr\"><span class=\"_6qdm\">\u23f3 <\/span><\/span><strong>Duraci\u00f3n:<\/strong> 3 horas<span class=\"text_exposed_show\"><br \/><span class=\"_5mfr\"><span class=\"_6qdm\">\u267b <\/span><\/span><strong>Modalidad:<\/strong> Formaci\u00f3n Presencial<br \/><span class=\"_5mfr\"><span class=\"_6qdm\">\u2705<\/span><\/span><strong>Inscripci\u00f3n:<\/strong> Confirmaci\u00f3n de asistencia contactando al tel\u00e9fono +34 952 33 55 14 o mandando un correo a cursosformacion@apiema.org<\/span><br \/><br \/><strong>LINK:<\/strong> https:\/\/apiema.org\/formacion\/blog\/sin-categoria\/disenosuministroeinstalacionsistemasautoconsumoenergiasolafotovoltaica\/<\/p>","protected":false},"excerpt":{"rendered":"<p>\u201cDISE\u00d1O, SUMINISTRO E INSTALACI\u00d3N DE SISTEMAS DE AUTOCONSUMO CON ENERG\u00cdA SOLAR FOTOVOLTAIC<a class=\"more-link\" href=\"https:\/\/onrenewables.es\/ja\/convocatoria-curso\/\">SEE DETAILS <span class=\"more-link-image\"><\/span><span class=\"more-link-hover-image\"><\/span><\/a><\/p>\n","protected":false},"author":1,"featured_media":58,"comment_status":"open","ping_status":"open","sticky":false,"template":"","format":"standard","meta":[],"categories":[3],"tags":[],"yoast_head":"<!-- This site is optimized with the Yoast SEO plugin v15.5 - https:\/\/yoast.com\/wordpress\/plugins\/seo\/ -->\n<title>Convocatoria Curso | OnRenewables<\/title>\n<meta name=\"description\" content=\"We are a global engineering and project management firm for the solar business focused on guiding and supporting our clients through their challenges.\" \/>\n<meta name=\"robots\" content=\"index, follow, max-snippet:-1, max-image-preview:large, max-video-preview:-1\" \/>\n<link rel=\"canonical\" href=\"https:\/\/onrenewables.es\/ja\/convocatoria-curso\/\" \/>\n<meta property=\"og:locale\" content=\"ja_JP\" \/>\n<meta property=\"og:type\" content=\"article\" \/>\n<meta property=\"og:title\" content=\"Convocatoria Curso | OnRenewables\" \/>\n<meta property=\"og:description\" content=\"We are a global engineering and project management firm for the solar business focused on guiding and supporting our clients through their challenges.\" \/>\n<meta property=\"og:url\" content=\"https:\/\/onrenewables.es\/convocatoria-curso\/\" \/>\n<meta property=\"og:site_name\" content=\"OnRenewables\" \/>\n<meta property=\"article:publisher\" content=\"https:\/\/www.facebook.com\/ONRSolarRooftops\" \/>\n<meta property=\"article:published_time\" content=\"2019-09-23T07:03:56+00:00\" \/>\n<meta property=\"og:image\" content=\"https:\/\/onrenewables.es\/wp-content\/uploads\/2017\/05\/onrenewables-fotovoltaic-solar-company-logo-original-retina.png\" \/>\n\t<meta property=\"og:image:width\" content=\"996\" \/>\n\t<meta property=\"og:image:height\" content=\"220\" \/>\n<meta name=\"twitter:card\" content=\"summary_large_image\" \/>\n<meta name=\"twitter:creator\" content=\"@ONRRooftops\" \/>\n<meta name=\"twitter:site\" content=\"@ONRRooftops\" \/>\n<meta name=\"twitter:label1\" content=\"Est. reading time\">\n\t<meta name=\"twitter:data1\" content=\"0\u5206\">\n<script type=\"application\/ld+json\" class=\"yoast-schema-graph\">{\"@context\":\"https:\/\/schema.org\",\"@graph\":[{\"@type\":\"WebSite\",\"@id\":\"https:\/\/onrenewables.es\/#website\",\"url\":\"https:\/\/onrenewables.es\/\",\"name\":\"OnRenewables\",\"description\":\"Global engineering and project management firm for the solar business\",\"potentialAction\":[{\"@type\":\"SearchAction\",\"target\":\"https:\/\/onrenewables.es\/?s={search_term_string}\",\"query-input\":\"required name=search_term_string\"}],\"inLanguage\":\"ja\"},{\"@type\":\"ImageObject\",\"@id\":\"https:\/\/onrenewables.es\/convocatoria-curso\/#primaryimage\",\"inLanguage\":\"ja\",\"url\":\"https:\/\/onrenewables.es\/wp-content\/uploads\/2017\/05\/onrenewables-fotovoltaic-solar-company-logo-original-retina.png\",\"width\":996,\"height\":220},{\"@type\":\"WebPage\",\"@id\":\"https:\/\/onrenewables.es\/convocatoria-curso\/#webpage\",\"url\":\"https:\/\/onrenewables.es\/convocatoria-curso\/\",\"name\":\"Convocatoria Curso | OnRenewables\",\"isPartOf\":{\"@id\":\"https:\/\/onrenewables.es\/#website\"},\"primaryImageOfPage\":{\"@id\":\"https:\/\/onrenewables.es\/convocatoria-curso\/#primaryimage\"},\"datePublished\":\"2019-09-23T07:03:56+00:00\",\"dateModified\":\"2019-09-23T07:03:56+00:00\",\"author\":{\"@id\":\"https:\/\/onrenewables.es\/#\/schema\/person\/a547414c943caad69032756ed83d4425\"},\"description\":\"We are a global engineering and project management firm for the solar business focused on guiding and supporting our clients through their challenges.\",\"inLanguage\":\"ja\",\"potentialAction\":[{\"@type\":\"ReadAction\",\"target\":[\"https:\/\/onrenewables.es\/convocatoria-curso\/\"]}]},{\"@type\":\"Person\",\"@id\":\"https:\/\/onrenewables.es\/#\/schema\/person\/a547414c943caad69032756ed83d4425\",\"name\":\"onrenewables\",\"image\":{\"@type\":\"ImageObject\",\"@id\":\"https:\/\/onrenewables.es\/#personlogo\",\"inLanguage\":\"ja\",\"url\":\"https:\/\/onrenewables.es\/wp-content\/uploads\/2017\/05\/onrenewables-logo.jpg\",\"caption\":\"onrenewables\"}}]}<\/script>\n<!-- \/ Yoast SEO plugin. -->","_links":{"self":[{"href":"https:\/\/onrenewables.es\/ja\/wp-json\/wp\/v2\/posts\/8540\/"}],"collection":[{"href":"https:\/\/onrenewables.es\/ja\/wp-json\/wp\/v2\/posts\/"}],"about":[{"href":"https:\/\/onrenewables.es\/ja\/wp-json\/wp\/v2\/types\/post\/"}],"author":[{"embeddable":true,"href":"https:\/\/onrenewables.es\/ja\/wp-json\/wp\/v2\/users\/1\/"}],"replies":[{"embeddable":true,"href":"https:\/\/onrenewables.es\/ja\/wp-json\/wp\/v2\/comments\/?post=8540"}],"version-history":[{"count":3,"href":"https:\/\/onrenewables.es\/ja\/wp-json\/wp\/v2\/posts\/8540\/revisions\/"}],"predecessor-version":[{"id":8543,"href":"https:\/\/onrenewables.es\/ja\/wp-json\/wp\/v2\/posts\/8540\/revisions\/8543\/"}],"wp:featuredmedia":[{"embeddable":true,"href":"https:\/\/onrenewables.es\/ja\/wp-json\/wp\/v2\/media\/58\/"}],"wp:attachment":[{"href":"https:\/\/onrenewables.es\/ja\/wp-json\/wp\/v2\/media\/?parent=8540"}],"wp:term":[{"taxonomy":"category","embeddable":true,"href":"https:\/\/onrenewables.es\/ja\/wp-json\/wp\/v2\/categories\/?post=8540"},{"taxonomy":"post_tag","embeddable":true,"href":"https:\/\/onrenewables.es\/ja\/wp-json\/wp\/v2\/tags\/?post=8540"}],"curies":[{"name":"wp","href":"https:\/\/api.w.org\/{rel}","templated":true}]}}